{"id":67,"date":"2019-02-01T08:00:59","date_gmt":"2019-02-01T08:00:59","guid":{"rendered":"http:\/\/bertoldocontabilidade.com.br\/?p=67"},"modified":"2021-02-17T00:37:30","modified_gmt":"2021-02-17T00:37:30","slug":"cadastro-de-atividade-economica-da-pessoa-fisica-caepf","status":"publish","type":"post","link":"https:\/\/bertoldocontabilidade.com.br\/index.php\/2019\/02\/01\/cadastro-de-atividade-economica-da-pessoa-fisica-caepf\/","title":{"rendered":"Cadastro de Atividade Econ\u00f4mica da Pessoa F\u00edsica &#8211; CAEPF"},"content":{"rendered":"<p>A Instru\u00e7\u00e3o Normativa RFB n\u00ba 1.828\/2018 disciplinou o Cadastro de Atividade Econ\u00f4mica da Pessoa F\u00edsica (CAEPF), que\u00a0\u00e9 o cadastro da Secretaria da Receita Federal do Brasil (RFB) com informa\u00e7\u00f5es das atividades econ\u00f4micas exercidas pela pessoa f\u00edsica, quando dispensadas de inscri\u00e7\u00e3o no Cadastro Nacional da Pessoa Jur\u00eddica (CNPJ).<\/p>\n<p>A inscri\u00e7\u00e3o no CAEPF ser\u00e1 efetuada no portal do Centro Virtual de Atendimento (e-CAC) ou nas unidades de atendimento da RFB, e ser\u00e1 facultativa no per\u00edodo de 1.10.2018 a 14.01.2019, situa\u00e7\u00e3o em que o Cadastro Espec\u00edfico do INSS (CEI) coexistir\u00e1 com o CAEPF, sendo obrigat\u00f3ria a partir de 15.01.2019.<\/p>\n<p>Est\u00e3o obrigadas a inscreverem-se no CAEPF as pessoas f\u00edsicas que exercem atividade econ\u00f4mica como contribuinte individual que possui segurado que lhe preste servi\u00e7o,\u00a0\u00e9 produtor rural cuja atividade constitua fato gerador da contribui\u00e7\u00e3o previdenci\u00e1ria,\u00a0\u00e9 titular de cart\u00f3rio ou pessoa f\u00edsica n\u00e3o produtor rural que adquire produ\u00e7\u00e3o rural para venda, no varejo, a consumidor pessoa f\u00edsica, segurado especial ou equiparado\u00a0\u00e0 empresa desobrigado da inscri\u00e7\u00e3o no CNPJ.<\/p>\n<p>A inscri\u00e7\u00e3o no CAEPF dever\u00e1 ser efetuada no prazo de 30 (trinta) dias contados do in\u00edcio da atividade exercida pelo contribuinte. A inscri\u00e7\u00e3o no CAEPF ser\u00e1 realizada no Portal e-CAC, por meio do site da RFB na Internet no endere\u00e7o http:\/\/www.receita.fazenda.gov.br.<\/p>\n<p>Os sindicatos que disp\u00f5e de certificado digital poder\u00e3o fazer a inscri\u00e7\u00e3o de seus associados, da mesma forma ocorrida com a inscri\u00e7\u00e3o na matr\u00edcula CEI, sendo que o contribuinte poder\u00e1 autorizar o respectivo sindicato a efetuar a sua inscri\u00e7\u00e3o no CAEPF.<\/p>\n<p>A IN RFB n\u00ba\u00a01828\/2018, em seu art. 5\u00ba,\u00a0define\u00a0que a inscri\u00e7\u00e3o no CAEPF a que se refere o inciso I dever\u00e1 ser efetuada no prazo de 30 (trinta) dias, contados do in\u00edcio da atividade econ\u00f4mica exercida pela pessoa f\u00edsica. Na referida Instru\u00e7\u00e3o Normativa n\u00e3o h\u00e1 previs\u00e3o de penalidade ao contribuinte.<\/p>\n<p>A inscri\u00e7\u00e3o na matr\u00edcula CEI ser\u00e1 obrigat\u00f3ria at\u00e9 que todos processos sejam readequados para se relacionar apenas com o CAEPF.<\/p>\n","protected":false},"excerpt":{"rendered":"<p>A Instru\u00e7\u00e3o Normativa RFB n\u00ba 1.828\/2018 disciplinou o Cadastro de Atividade Econ\u00f4mica da Pessoa F\u00edsica (CAEPF), que\u00a0\u00e9 o cadastro da Secretaria da Receita Federal do Brasil (RFB) com informa\u00e7\u00f5es das atividades econ\u00f4micas exercidas pela pessoa f\u00edsica, quando dispensadas de inscri\u00e7\u00e3o<\/p>\n","protected":false},"author":1,"featured_media":0,"comment_status":"open","ping_status":"open","sticky":false,"template":"","format":"standard","meta":{"footnotes":""},"categories":[3,4],"tags":[14],"class_list":["post-67","post","type-post","status-publish","format-standard","hentry","category-geral","category-tributaria","tag-caepf"],"_links":{"self":[{"href":"https:\/\/bertoldocontabilidade.com.br\/index.php\/wp-json\/wp\/v2\/posts\/67","targetHints":{"allow":["GET"]}}],"collection":[{"href":"https:\/\/bertoldocontabilidade.com.br\/index.php\/wp-json\/wp\/v2\/posts"}],"about":[{"href":"https:\/\/bertoldocontabilidade.com.br\/index.php\/wp-json\/wp\/v2\/types\/post"}],"author":[{"embeddable":true,"href":"https:\/\/bertoldocontabilidade.com.br\/index.php\/wp-json\/wp\/v2\/users\/1"}],"replies":[{"embeddable":true,"href":"https:\/\/bertoldocontabilidade.com.br\/index.php\/wp-json\/wp\/v2\/comments?post=67"}],"version-history":[{"count":5,"href":"https:\/\/bertoldocontabilidade.com.br\/index.php\/wp-json\/wp\/v2\/posts\/67\/revisions"}],"predecessor-version":[{"id":164,"href":"https:\/\/bertoldocontabilidade.com.br\/index.php\/wp-json\/wp\/v2\/posts\/67\/revisions\/164"}],"wp:attachment":[{"href":"https:\/\/bertoldocontabilidade.com.br\/index.php\/wp-json\/wp\/v2\/media?parent=67"}],"wp:term":[{"taxonomy":"category","embeddable":true,"href":"https:\/\/bertoldocontabilidade.com.br\/index.php\/wp-json\/wp\/v2\/categories?post=67"},{"taxonomy":"post_tag","embeddable":true,"href":"https:\/\/bertoldocontabilidade.com.br\/index.php\/wp-json\/wp\/v2\/tags?post=67"}],"curies":[{"name":"wp","href":"https:\/\/api.w.org\/{rel}","templated":true}]}}