{"id":81,"date":"2019-11-01T08:00:09","date_gmt":"2019-11-01T08:00:09","guid":{"rendered":"http:\/\/bertoldocontabilidade.com.br\/?p=81"},"modified":"2021-02-16T20:18:36","modified_gmt":"2021-02-16T20:18:36","slug":"nota-fiscal-de-venda-ao-consumidor-e-cupom-fiscal-emitido-por-ecfrs","status":"publish","type":"post","link":"https:\/\/bertoldocontabilidade.com.br\/index.php\/2019\/11\/01\/nota-fiscal-de-venda-ao-consumidor-e-cupom-fiscal-emitido-por-ecfrs\/","title":{"rendered":"Nota Fiscal de Venda ao Consumidor e Cupom Fiscal emitido por ECF\/RS"},"content":{"rendered":"<p>De acordo com o Art. 26-C, do Decreto Estadual N\u00ba 37699 de 26\/08\/1997, que trata de obriga\u00e7\u00f5es acess\u00f3rias as quais os contribuintes inscritos no Cadastro Geral de Contribuintes de Tributos Estaduais do Rio Grande do Sul, em substitui\u00e7\u00e3o\u00a0\u00e0 Nota Fiscal de Venda a Consumidor (modelo 2) e ao Cupom Fiscal emitido por ECF, passar\u00e1\u00a0a ser emitida a NFC-e, sendo obrigat\u00f3ria sua emiss\u00e3o conforme calend\u00e1rio previsto no Ap\u00eandice XLIV.<\/p>\n<p>Para fins da defini\u00e7\u00e3o do limite de faturamento previsto neste Ap\u00eandice, considera-se a soma do faturamento de todos os estabelecimentos do contribuinte localizados neste Estado, no ano imediatamente anterior e, para o contribuinte que iniciou suas atividades no ano imediatamente anterior, os valores previstos ser\u00e3o reduzidos, proporcionalmente, ao n\u00famero de meses correspondentes ao per\u00edodo de atividade no referido ano. A redu\u00e7\u00e3o do faturamento em ano civil posterior n\u00e3o desobriga o contribuinte da emiss\u00e3o da NFC-e.<\/p>\n<table>\n<tbody>\n<tr>\n<td width=\"56\"><strong>ITEM<\/strong><\/td>\n<td width=\"493\"><strong>CONTRIBUINTES<\/strong><\/td>\n<td width=\"142\"><strong>DATA DE IN\u00cdCIO DA OBRIGATORIEDADE<\/strong><\/td>\n<\/tr>\n<tr>\n<td width=\"56\">I<\/td>\n<td width=\"493\">Contribuintes enquadrados na modalidade geral que promovam opera\u00e7\u00f5es de com\u00e9rcio atacadista e varejista (ATACAREJO)<\/td>\n<td width=\"142\">01.09.2014<\/td>\n<\/tr>\n<tr>\n<td width=\"56\">II<\/td>\n<td width=\"493\">Contribuintes com faturamento superior a R$ 10.800.000,00<\/td>\n<td width=\"142\">01.11.2014<\/td>\n<\/tr>\n<tr>\n<td width=\"56\">III<\/td>\n<td width=\"493\">Contribuintes com faturamento superior a R$ 7.200.000,00<\/td>\n<td width=\"142\">01.06.2015<\/td>\n<\/tr>\n<tr>\n<td width=\"56\">IV<\/td>\n<td width=\"493\">Contribuintes com faturamento superior a R$ 3.600.000,00 e estabelecimentos que iniciarem suas atividades a partir de 1\u00ba de janeiro de 2016<\/td>\n<td width=\"142\">01.01.2016<\/td>\n<\/tr>\n<tr>\n<td width=\"56\">V<\/td>\n<td width=\"493\">Contribuintes com faturamento superior a R$ 1.800.000,00<\/td>\n<td width=\"142\">01.07.2016<\/td>\n<\/tr>\n<tr>\n<td width=\"56\">VI<\/td>\n<td width=\"493\">Contribuintes com faturamento superior a R$ 360.000,00<\/td>\n<td width=\"142\">01.01.2017<\/td>\n<\/tr>\n<tr>\n<td width=\"56\"><strong>VII<\/strong><\/td>\n<td width=\"493\"><strong>Contribuintes com faturamento igual ou inferior a R$ 360.000,00 e superior a R$ 120.000,00<\/strong><\/td>\n<td width=\"142\"><strong>01.01.2019<\/strong><\/td>\n<\/tr>\n<tr>\n<td colspan=\"3\" width=\"691\">(Reda\u00e7\u00e3o dada pelo Decreto n\u00ba 53.864, de 28.12.2017 &#8211; DOE RS de 29.12.2017, com efeitos a partir de 01.01.2018)<\/td>\n<\/tr>\n<tr>\n<td width=\"56\">VIII<\/td>\n<td width=\"493\">Contribuintes que promovam opera\u00e7\u00f5es de com\u00e9rcio varejista de combust\u00edveis<\/td>\n<td width=\"142\">01.01.2017<\/td>\n<\/tr>\n<tr>\n<td colspan=\"3\" width=\"691\">(Linha acrescentada pelo Decreto n\u00ba 52.977, de 07.04.2016, DOE RS de 08.04.2016)<\/td>\n<\/tr>\n<tr>\n<td width=\"56\"><strong>IX<\/strong><\/td>\n<td width=\"493\"><strong>Demais contribuintes que promovam opera\u00e7\u00f5es de com\u00e9rcio varejista<\/strong><\/td>\n<td width=\"142\"><strong>01.01.2020<\/strong><\/td>\n<\/tr>\n<\/tbody>\n<\/table>\n<p>Aten\u00e7\u00e3o especial aos contribuintes enquadrados nos itens VII e IX do calend\u00e1rio de obrigatoriedade.<\/p>\n","protected":false},"excerpt":{"rendered":"<p>De acordo com o Art. 26-C, do Decreto Estadual N\u00ba 37699 de 26\/08\/1997, que trata de obriga\u00e7\u00f5es acess\u00f3rias as quais os contribuintes inscritos no Cadastro Geral de Contribuintes de Tributos Estaduais do Rio Grande do Sul, em substitui\u00e7\u00e3o\u00a0\u00e0 Nota Fiscal<\/p>\n","protected":false},"author":1,"featured_media":0,"comment_status":"open","ping_status":"open","sticky":false,"template":"","format":"standard","meta":{"footnotes":""},"categories":[3,4],"tags":[13],"class_list":["post-81","post","type-post","status-publish","format-standard","hentry","category-geral","category-tributaria","tag-nfce"],"_links":{"self":[{"href":"https:\/\/bertoldocontabilidade.com.br\/index.php\/wp-json\/wp\/v2\/posts\/81","targetHints":{"allow":["GET"]}}],"collection":[{"href":"https:\/\/bertoldocontabilidade.com.br\/index.php\/wp-json\/wp\/v2\/posts"}],"about":[{"href":"https:\/\/bertoldocontabilidade.com.br\/index.php\/wp-json\/wp\/v2\/types\/post"}],"author":[{"embeddable":true,"href":"https:\/\/bertoldocontabilidade.com.br\/index.php\/wp-json\/wp\/v2\/users\/1"}],"replies":[{"embeddable":true,"href":"https:\/\/bertoldocontabilidade.com.br\/index.php\/wp-json\/wp\/v2\/comments?post=81"}],"version-history":[{"count":3,"href":"https:\/\/bertoldocontabilidade.com.br\/index.php\/wp-json\/wp\/v2\/posts\/81\/revisions"}],"predecessor-version":[{"id":122,"href":"https:\/\/bertoldocontabilidade.com.br\/index.php\/wp-json\/wp\/v2\/posts\/81\/revisions\/122"}],"wp:attachment":[{"href":"https:\/\/bertoldocontabilidade.com.br\/index.php\/wp-json\/wp\/v2\/media?parent=81"}],"wp:term":[{"taxonomy":"category","embeddable":true,"href":"https:\/\/bertoldocontabilidade.com.br\/index.php\/wp-json\/wp\/v2\/categories?post=81"},{"taxonomy":"post_tag","embeddable":true,"href":"https:\/\/bertoldocontabilidade.com.br\/index.php\/wp-json\/wp\/v2\/tags?post=81"}],"curies":[{"name":"wp","href":"https:\/\/api.w.org\/{rel}","templated":true}]}}