{"id":92,"date":"2020-03-31T08:00:29","date_gmt":"2020-03-31T08:00:29","guid":{"rendered":"http:\/\/bertoldocontabilidade.com.br\/?p=92"},"modified":"2021-02-16T19:44:03","modified_gmt":"2021-02-16T19:44:03","slug":"medidas-trabalhistas-para-enfrentamento-do-estado-de-calamidade-publica-do-coronavirus-covid-19","status":"publish","type":"post","link":"https:\/\/bertoldocontabilidade.com.br\/index.php\/2020\/03\/31\/medidas-trabalhistas-para-enfrentamento-do-estado-de-calamidade-publica-do-coronavirus-covid-19\/","title":{"rendered":"Medidas trabalhistas para enfrentamento do estado de calamidade p\u00fablica do Coronav\u00edrus (COVID-19)"},"content":{"rendered":"<p>A Medida Provis\u00f3ria 927, conhecida como MP do Contrato de Trabalho, publicada pelo Governo Federal em edi\u00e7\u00e3o extra do Di\u00e1rio Oficial no dia 22\/03\/2020 trouxe uma s\u00e9rie de medidas trabalhistas v\u00e1lidas durante o estado de calamidade p\u00fablica provocado pela pandemia de Coronav\u00edrus, que deve durar at\u00e9 31 de dezembro. A MP tem validade de 60 dias, prorrog\u00e1veis por mais 60. Caso n\u00e3o seja aprovada pelo Congresso nesse prazo, ela deixa de vigorar.<\/p>\n<p>O Art. 18, que previa a suspens\u00e3o do contrato de trabalho e direcionamento do trabalhador para qualifica\u00e7\u00e3o foi revogado pela Medida Provis\u00f3ria 928. O artigo 476-A da Consolida\u00e7\u00e3o das Leis do Trabalho (CLT) j\u00e1 previa\u00a0a suspens\u00e3o tempor\u00e1ria do contrato de trabalho, por um per\u00edodo de dois a cinco meses, para participa\u00e7\u00e3o do empregado em curso ou programa de qualifica\u00e7\u00e3o profissional oferecido pela empresa.<\/p>\n<p>Durante a calamidade p\u00fablica, o empregador poder\u00e1 alterar o regime de trabalho presencial para o tele trabalho, o trabalho remoto ou outro tipo de trabalho a dist\u00e2ncia, conhecido como &#8220;home office&#8221;, devendo ser comunicada com 48 horas de anteced\u00eancia. Segundo a MP o contrato escrito firmado previamente ou assinado em at\u00e9 30 dias a contar do in\u00edcio do tele trabalho v\u00e3o estabelecer a responsabilidade pela aquisi\u00e7\u00e3o, manuten\u00e7\u00e3o ou fornecimento dos equipamentos tecnol\u00f3gicos e da infraestrutura necess\u00e1ria.<\/p>\n<p>O empregador poder\u00e3o antecipar as f\u00e9rias individuais dos empregados ou conceder f\u00e9rias coletivas, n\u00e3o sendo aplic\u00e1veis os limites m\u00e1ximo de per\u00edodos anuais nem o m\u00ednimo de dias corridos previstos na CLT, devendo avisar com 48 horas de anteced\u00eancia. As f\u00e9rias poder\u00e3o ser concedidas mesmo que o trabalhador n\u00e3o tenha completado um ano de empresa, devendo priorizar \u00e0s f\u00e9rias as pessoas que perten\u00e7am ao grupo de risco do Coronav\u00edrus.<\/p>\n<p>Os empregadores poder\u00e3o antecipar o gozo de feriados n\u00e3o religiosos federais, estaduais, distritais e municipais, devendo comunicar com 48 horas de anteced\u00eancia. Os feriados poder\u00e3o ser utilizados para compensa\u00e7\u00e3o em banco de horas. O aproveitamento de feriados religiosos, por sua vez, depender\u00e3o de concord\u00e2ncia do empregado.<\/p>\n<p>Durante o estado de calamidade p\u00fablica, deixa de ser obrigat\u00f3ria a realiza\u00e7\u00e3o dos exames m\u00e9dicos ocupacionais, cl\u00ednicos e complementares, exceto dos exames demissionais, bem como treinamentos peri\u00f3dicos e eventuais previstos em normas de seguran\u00e7a e sa\u00fade no trabalho.<\/p>\n<p>O empregador poder\u00e3o recolher o FGTS das compet\u00eancias de mar\u00e7o, abril e maio de 2020 atrav\u00e9s de parcelamento em at\u00e9 seis meses, sem multa, juros e corre\u00e7\u00e3o.<\/p>\n","protected":false},"excerpt":{"rendered":"<p>A Medida Provis\u00f3ria 927, conhecida como MP do Contrato de Trabalho, publicada pelo Governo Federal em edi\u00e7\u00e3o extra do Di\u00e1rio Oficial no dia 22\/03\/2020 trouxe uma s\u00e9rie de medidas trabalhistas v\u00e1lidas durante o estado de calamidade p\u00fablica provocado pela pandemia<\/p>\n","protected":false},"author":1,"featured_media":0,"comment_status":"open","ping_status":"open","sticky":false,"template":"","format":"standard","meta":{"footnotes":""},"categories":[3,5],"tags":[21],"class_list":["post-92","post","type-post","status-publish","format-standard","hentry","category-geral","category-trabalhista","tag-coronavirus"],"_links":{"self":[{"href":"https:\/\/bertoldocontabilidade.com.br\/index.php\/wp-json\/wp\/v2\/posts\/92","targetHints":{"allow":["GET"]}}],"collection":[{"href":"https:\/\/bertoldocontabilidade.com.br\/index.php\/wp-json\/wp\/v2\/posts"}],"about":[{"href":"https:\/\/bertoldocontabilidade.com.br\/index.php\/wp-json\/wp\/v2\/types\/post"}],"author":[{"embeddable":true,"href":"https:\/\/bertoldocontabilidade.com.br\/index.php\/wp-json\/wp\/v2\/users\/1"}],"replies":[{"embeddable":true,"href":"https:\/\/bertoldocontabilidade.com.br\/index.php\/wp-json\/wp\/v2\/comments?post=92"}],"version-history":[{"count":4,"href":"https:\/\/bertoldocontabilidade.com.br\/index.php\/wp-json\/wp\/v2\/posts\/92\/revisions"}],"predecessor-version":[{"id":111,"href":"https:\/\/bertoldocontabilidade.com.br\/index.php\/wp-json\/wp\/v2\/posts\/92\/revisions\/111"}],"wp:attachment":[{"href":"https:\/\/bertoldocontabilidade.com.br\/index.php\/wp-json\/wp\/v2\/media?parent=92"}],"wp:term":[{"taxonomy":"category","embeddable":true,"href":"https:\/\/bertoldocontabilidade.com.br\/index.php\/wp-json\/wp\/v2\/categories?post=92"},{"taxonomy":"post_tag","embeddable":true,"href":"https:\/\/bertoldocontabilidade.com.br\/index.php\/wp-json\/wp\/v2\/tags?post=92"}],"curies":[{"name":"wp","href":"https:\/\/api.w.org\/{rel}","templated":true}]}}